{"id":926,"date":"2022-01-15T14:29:38","date_gmt":"2022-01-15T14:29:38","guid":{"rendered":"http:\/\/personalrat-grundschule-bottrop.de\/?p=926"},"modified":"2022-01-15T14:31:15","modified_gmt":"2022-01-15T14:31:15","slug":"neuer-termin-und-zeitplan-teil-pvs","status":"publish","type":"post","link":"https:\/\/personalrat-grundschule-bottrop.de\/?p=926","title":{"rendered":"Neuer Termin- und Zeitplan Teil-PVs 2021"},"content":{"rendered":"\n<p>Liebe Kolleg<em>innen, liebe Konrektor<\/em>innen, liebe Schulleiter*innen,<\/p>\n\n\n\n<p><br>in der Tabelle unten finden Sie die neue Terminplanung f\u00fcr unsere Teil-PVs. Wir haben alle Termine direkt um zwei Monate nach hinten verschoben, in der Hoffnung, nicht noch einmal absagen bzw. verschieben zu m\u00fcssen. Um  gen\u00fcgend Zeit f\u00fcr den Austausch untereinander zu erm\u00f6glichen, haben wir die Zeitplanung ebenfalls etwas anders gestaltet.<\/p>\n\n\n\n<figure class=\"wp-block-image size-full\"><img decoding=\"async\" src=\"https:\/\/personalrat-grundschule-bottrop.de\/wp-content\/uploads\/2022\/01\/Teil-PV-Termine-2021.jpg\" alt=\"\" class=\"wp-image-924\"\/><\/figure>\n\n\n\n<p>Mit freundlichen Gr\u00fc\u00dfen<br>Heike Murglat<br>(Vorsitzende)<\/p>\n","protected":false},"excerpt":{"rendered":"<p>Liebe Kolleginnen, liebe Konrektorinnen, liebe Schulleiter*innen, in der Tabelle unten finden Sie die neue Terminplanung f\u00fcr unsere Teil-PVs. Wir haben alle Termine direkt um zwei Monate nach hinten verschoben, in der Hoffnung, nicht noch einmal absagen bzw. verschieben zu m\u00fcssen. Um gen\u00fcgend Zeit f\u00fcr den Austausch untereinander zu erm\u00f6glichen, haben wir die Zeitplanung ebenfalls etwas &hellip; <a href=\"https:\/\/personalrat-grundschule-bottrop.de\/?p=926\" class=\"more-link\"><span class=\"screen-reader-text\">\u201eNeuer Termin- und Zeitplan Teil-PVs 2021\u201c <\/span>weiterlesen<\/a><\/p>\n","protected":false},"author":1,"featured_media":0,"comment_status":"closed","ping_status":"closed","sticky":false,"template":"","format":"standard","meta":{"footnotes":""},"categories":[1],"tags":[],"class_list":["post-926","post","type-post","status-publish","format-standard","hentry","category-uncategorized"],"_links":{"self":[{"href":"https:\/\/personalrat-grundschule-bottrop.de\/index.php?rest_route=\/wp\/v2\/posts\/926","targetHints":{"allow":["GET"]}}],"collection":[{"href":"https:\/\/personalrat-grundschule-bottrop.de\/index.php?rest_route=\/wp\/v2\/posts"}],"about":[{"href":"https:\/\/personalrat-grundschule-bottrop.de\/index.php?rest_route=\/wp\/v2\/types\/post"}],"author":[{"embeddable":true,"href":"https:\/\/personalrat-grundschule-bottrop.de\/index.php?rest_route=\/wp\/v2\/users\/1"}],"replies":[{"embeddable":true,"href":"https:\/\/personalrat-grundschule-bottrop.de\/index.php?rest_route=%2Fwp%2Fv2%2Fcomments&post=926"}],"version-history":[{"count":2,"href":"https:\/\/personalrat-grundschule-bottrop.de\/index.php?rest_route=\/wp\/v2\/posts\/926\/revisions"}],"predecessor-version":[{"id":929,"href":"https:\/\/personalrat-grundschule-bottrop.de\/index.php?rest_route=\/wp\/v2\/posts\/926\/revisions\/929"}],"wp:attachment":[{"href":"https:\/\/personalrat-grundschule-bottrop.de\/index.php?rest_route=%2Fwp%2Fv2%2Fmedia&parent=926"}],"wp:term":[{"taxonomy":"category","embeddable":true,"href":"https:\/\/personalrat-grundschule-bottrop.de\/index.php?rest_route=%2Fwp%2Fv2%2Fcategories&post=926"},{"taxonomy":"post_tag","embeddable":true,"href":"https:\/\/personalrat-grundschule-bottrop.de\/index.php?rest_route=%2Fwp%2Fv2%2Ftags&post=926"}],"curies":[{"name":"wp","href":"https:\/\/api.w.org\/{rel}","templated":true}]}}