{"id":920,"date":"2022-01-13T13:10:44","date_gmt":"2022-01-13T13:10:44","guid":{"rendered":"http:\/\/personalrat-grundschule-bottrop.de\/?p=920"},"modified":"2022-01-13T13:10:44","modified_gmt":"2022-01-13T13:10:44","slug":"absage-teil-pv-am-17-01-2022","status":"publish","type":"post","link":"https:\/\/personalrat-grundschule-bottrop.de\/?p=920","title":{"rendered":"Absage Teil-PV am 17.01.2022"},"content":{"rendered":"\n<p>Liebe Schulleiterinnen und Schulleiter, liebe Kolleginnen und Kollegen!<\/p>\n\n\n\n<p><br>Aufgrund der aktuellen Corona-Inzidenzlage in NRW und auch hier vor Ort<br>sagen wir unsere Teil-PV am 17.01.2022 hiermit vorausschauend ab.<br>Wir werden diese Teil-PV aber nur auf einen sp\u00e4teren Zeitpunkt verschieben.<br>Gegebenenfalls ergibt sich durch diese Verschiebung auch ein neuer<br>Terminplan f\u00fcr die sich anschlie\u00dfenden drei Teil-PVs. Hierzu erhalten Sie in<br>K\u00fcrze \u2013 voraussichtlich morgen &#8211; eine erneute Mitteilung von uns.<br>Wir hoffen auf Ihr Verst\u00e4ndnis f\u00fcr diese Entscheidung. F\u00fcr R\u00fcckfragen stehe ich<br>gerne jederzeit zur Verf\u00fcgung.<\/p>\n\n\n\n<p><br>Passen Sie bis dahin bitte gut auf sich auf!<br><\/p>\n\n\n\n<p>Mit freundlichen Gr\u00fc\u00dfen<br>Heike Murglat<br>(Vorsitzende)<\/p>\n","protected":false},"excerpt":{"rendered":"<p>Liebe Schulleiterinnen und Schulleiter, liebe Kolleginnen und Kollegen! Aufgrund der aktuellen Corona-Inzidenzlage in NRW und auch hier vor Ortsagen wir unsere Teil-PV am 17.01.2022 hiermit vorausschauend ab.Wir werden diese Teil-PV aber nur auf einen sp\u00e4teren Zeitpunkt verschieben.Gegebenenfalls ergibt sich durch diese Verschiebung auch ein neuerTerminplan f\u00fcr die sich anschlie\u00dfenden drei Teil-PVs. Hierzu erhalten Sie inK\u00fcrze &hellip; <a href=\"https:\/\/personalrat-grundschule-bottrop.de\/?p=920\" class=\"more-link\"><span class=\"screen-reader-text\">\u201eAbsage Teil-PV am 17.01.2022\u201c <\/span>weiterlesen<\/a><\/p>\n","protected":false},"author":1,"featured_media":0,"comment_status":"closed","ping_status":"closed","sticky":false,"template":"","format":"standard","meta":{"footnotes":""},"categories":[1],"tags":[],"class_list":["post-920","post","type-post","status-publish","format-standard","hentry","category-uncategorized"],"_links":{"self":[{"href":"https:\/\/personalrat-grundschule-bottrop.de\/index.php?rest_route=\/wp\/v2\/posts\/920","targetHints":{"allow":["GET"]}}],"collection":[{"href":"https:\/\/personalrat-grundschule-bottrop.de\/index.php?rest_route=\/wp\/v2\/posts"}],"about":[{"href":"https:\/\/personalrat-grundschule-bottrop.de\/index.php?rest_route=\/wp\/v2\/types\/post"}],"author":[{"embeddable":true,"href":"https:\/\/personalrat-grundschule-bottrop.de\/index.php?rest_route=\/wp\/v2\/users\/1"}],"replies":[{"embeddable":true,"href":"https:\/\/personalrat-grundschule-bottrop.de\/index.php?rest_route=%2Fwp%2Fv2%2Fcomments&post=920"}],"version-history":[{"count":1,"href":"https:\/\/personalrat-grundschule-bottrop.de\/index.php?rest_route=\/wp\/v2\/posts\/920\/revisions"}],"predecessor-version":[{"id":921,"href":"https:\/\/personalrat-grundschule-bottrop.de\/index.php?rest_route=\/wp\/v2\/posts\/920\/revisions\/921"}],"wp:attachment":[{"href":"https:\/\/personalrat-grundschule-bottrop.de\/index.php?rest_route=%2Fwp%2Fv2%2Fmedia&parent=920"}],"wp:term":[{"taxonomy":"category","embeddable":true,"href":"https:\/\/personalrat-grundschule-bottrop.de\/index.php?rest_route=%2Fwp%2Fv2%2Fcategories&post=920"},{"taxonomy":"post_tag","embeddable":true,"href":"https:\/\/personalrat-grundschule-bottrop.de\/index.php?rest_route=%2Fwp%2Fv2%2Ftags&post=920"}],"curies":[{"name":"wp","href":"https:\/\/api.w.org\/{rel}","templated":true}]}}